{"id":19146,"date":"2025-06-18T08:55:19","date_gmt":"2025-06-18T07:55:19","guid":{"rendered":"https:\/\/chateaudelagreffiere.com\/?p=19146"},"modified":"2025-06-19T14:08:45","modified_gmt":"2025-06-19T13:08:45","slug":"quand-le-sud-vient-a-la-rencontre-de-la-bourgogne","status":"publish","type":"post","link":"https:\/\/chateaudelagreffiere.com\/en\/quand-le-sud-vient-a-la-rencontre-de-la-bourgogne\/","title":{"rendered":"QUAND LE SUD VIENT \u00c0 LA RENCONTRE DE LA BOURGOGNE"},"content":{"rendered":"<p>DIMANCHE 13 JUILLET 2025<\/p>\n<p>Un bel \u00e9v\u00e9nement en perspective au Ch\u00e2teau de la Greffi\u00e8re ! Une charmante rencontre entre les saveurs du sud de la France et les d\u00e9lices de la Bourgogne vous attendent.<\/p>\n<p>Le <strong>dimanche 13 juillet 2025<\/strong>, vous aurez l&#8217;occasion de :<\/p>\n<ul>\n<li>D\u00e9guster une belle s\u00e9lection de vins, avec les incontournables Bourgogne du Ch\u00e2teau de la Greffi\u00e8re et les vins fruit\u00e9s du Beaujolais du Domaine des Fonds. Vous pourrez \u00e9galement d\u00e9couvrir les vins de la Dr\u00f4me avec Clairmont, les C\u00f4tes du Rh\u00f4ne Villages de Mas des Escarades, et les vins du Languedoc-Roussillon avec Le Pas de la Dame.<\/li>\n<li>Savourez les fruits de la Dr\u00f4me. Abricots gorg\u00e9s de soleil, p\u00eaches juteuses, melons sucr\u00e9s&#8230; une explosion de saveurs estivales. Sans oublier les rafra\u00eechissants jus de fruits !<\/li>\n<li>Partager un moment de convivialit\u00e9 autour d&#8217;un savoureux jambon \u00e0 la broche pour le d\u00e9jeuner. Reserver <a href=\"https:\/\/forms.gle\/uacfWdZZuT85kmmL8\">ICI<\/a><\/li>\n<li>Explorer d&#8217;autres produits artisanaux tels que l&#8217;huile d&#8217;olive, des olives de bouche ainsi que de la tapenade du Muscardin. D\u00e9couvrez la typicit\u00e9 des fromages locaux (AOP Maconnais et Charolais&#8230;) de Chevenet, l&#8217;originalit\u00e9 des bi\u00e8res artisanales de Two Dudes, et la douceur des miels et bougies du Rucher de la Cadole.<\/li>\n<\/ul>\n<p>\u00c7a promet une journ\u00e9e conviviale et riche en d\u00e9couvertes gustatives au c\u0153ur de la Bourgogne, \u00e0 La Roche-Vineuse !<\/p>\n","protected":false},"excerpt":{"rendered":"<p>DIMANCHE 13 JUILLET 2025 Un bel \u00e9v\u00e9nement en perspective au Ch\u00e2teau de la Greffi\u00e8re ! Une charmante rencontre entre les saveurs du sud de la France et les d\u00e9lices de la Bourgogne vous attendent. Le dimanche 13 juillet 2025, vous aurez l&#8217;occasion de : D\u00e9guster&#8230;<\/p>\n","protected":false},"author":2,"featured_media":19154,"comment_status":"closed","ping_status":"closed","sticky":false,"template":"","format":"standard","meta":[],"categories":[246,255],"tags":[],"_links":{"self":[{"href":"https:\/\/chateaudelagreffiere.com\/en\/wp-json\/wp\/v2\/posts\/19146"}],"collection":[{"href":"https:\/\/chateaudelagreffiere.com\/en\/wp-json\/wp\/v2\/posts"}],"about":[{"href":"https:\/\/chateaudelagreffiere.com\/en\/wp-json\/wp\/v2\/types\/post"}],"author":[{"embeddable":true,"href":"https:\/\/chateaudelagreffiere.com\/en\/wp-json\/wp\/v2\/users\/2"}],"replies":[{"embeddable":true,"href":"https:\/\/chateaudelagreffiere.com\/en\/wp-json\/wp\/v2\/comments?post=19146"}],"version-history":[{"count":2,"href":"https:\/\/chateaudelagreffiere.com\/en\/wp-json\/wp\/v2\/posts\/19146\/revisions"}],"predecessor-version":[{"id":19155,"href":"https:\/\/chateaudelagreffiere.com\/en\/wp-json\/wp\/v2\/posts\/19146\/revisions\/19155"}],"wp:featuredmedia":[{"embeddable":true,"href":"https:\/\/chateaudelagreffiere.com\/en\/wp-json\/wp\/v2\/media\/19154"}],"wp:attachment":[{"href":"https:\/\/chateaudelagreffiere.com\/en\/wp-json\/wp\/v2\/media?parent=19146"}],"wp:term":[{"taxonomy":"category","embeddable":true,"href":"https:\/\/chateaudelagreffiere.com\/en\/wp-json\/wp\/v2\/categories?post=19146"},{"taxonomy":"post_tag","embeddable":true,"href":"https:\/\/chateaudelagreffiere.com\/en\/wp-json\/wp\/v2\/tags?post=19146"}],"curies":[{"name":"wp","href":"https:\/\/api.w.org\/{rel}","templated":true}]}}